{"id":3743,"date":"2021-09-01T19:33:55","date_gmt":"2021-09-01T17:33:55","guid":{"rendered":"http:\/\/www.osijekcannons.hr\/?p=3743"},"modified":"2021-12-30T10:02:09","modified_gmt":"2021-12-30T09:02:09","slug":"prvi-trening-u-sezoni-2021-2022","status":"publish","type":"post","link":"http:\/\/www.osijekcannons.hr\/index.php\/2021\/09\/01\/prvi-trening-u-sezoni-2021-2022\/","title":{"rendered":"Prvi trening u sezoni 2021.\/2022."},"content":{"rendered":"\n<p>Spu\u0161tanje \u017eive u termometru olak\u0161at \u0107e \u017eivot svima, a pogotovo \u0107e koristiti igra\u010dima na\u0161eg kluba. Prvim treningom, odr\u017eanim u subotu 21. kolovoza 2021. na terenima NK Elektre, slu\u017ebeno je zavr\u0161ila ljetna stanka osje\u010dkih Topova.<\/p>\n\n\n\n<p>Trenerski tim s Marinom Ljubasom na \u010delu provjerio je formu 14 igra\u010da. O prvom treningu izjavio je sljede\u0107e:<\/p>\n\n\n\n<blockquote class=\"wp-block-quote is-layout-flow wp-block-quote-is-layout-flow\"><p><em>O\u010dekivano, nismo kompletirani. Nedostaju igra\u010di \u00a0na sezonskim poslovima ili ljetovanjima. Vjerujem da \u0107e se kroz koji tjedan vratiti svi sto\u017eerni igra\u010di, te da \u0107e uz nove \u010dlanove koje o\u010dekujemo kroz naredni period pove\u0107ati konkurenciju u timu i u\u010diniti sve boljima. U planu i trena\u017enom programu je ponavljanje osnovnih vje\u017ebi i bru\u0161enje tehni\u010dkih detalja kako bi uskladili nove de\u010dke i pobolj\u0161ali starije.<\/em><\/p><cite>Marin ljubas<\/cite><\/blockquote>\n\n\n\n<p>O\u010dekivanja od predstoje\u0107e sezone su velika, s obzirom na to da su Cannonsi prethodnu sezonu ostali pred vratima doigravanja. Da isti film ne \u017eele gledati i ove sezone ekipa je dala do znanja zalaganjem ve\u0107 na prvom ovosezonskom treningu. Kapetan Pavo Luka\u010d je suigra\u010dima bio zadovoljan.<\/p>\n\n\n\n<blockquote class=\"wp-block-quote is-layout-flow wp-block-quote-is-layout-flow\"><p><em>Vratili smo se treninzima i nastavili tamo gdje smo stali prije po\u010detka ljetne pauze. \u010clanovi kluba su dovoljno odmarali i jedva su \u010dekali da se vrate treninzima \u0161to se vidi po energi\u010dnoj atmosferi na treningu. Podupiremo i motiviramo jedni druge da izvu\u010demo ono najbolje.<\/em><\/p><cite>pavo luka\u010d<\/cite><\/blockquote>\n","protected":false},"excerpt":{"rendered":"<p>Spu\u0161tanje \u017eive u termometru olak\u0161at \u0107e \u017eivot svima, a pogotovo \u0107e koristiti igra\u010dima na\u0161eg kluba. Prvim treningom, odr\u017eanim u subotu 21. kolovoza 2021. na terenima NK Elektre, slu\u017ebeno je zavr\u0161ila ljetna stanka osje\u010dkih Topova. Trenerski tim s Marinom Ljubasom na \u010delu provjerio je formu 14 igra\u010da. O prvom treningu izjavio je sljede\u0107e: O\u010dekivano, nismo kompletirani. [&hellip;]<\/p>\n","protected":false},"author":1,"featured_media":3739,"comment_status":"closed","ping_status":"closed","sticky":false,"template":"","format":"standard","meta":{"footnotes":""},"categories":[22],"tags":[],"class_list":["post-3743","post","type-post","status-publish","format-standard","has-post-thumbnail","hentry","category-season"],"_links":{"self":[{"href":"http:\/\/www.osijekcannons.hr\/index.php\/wp-json\/wp\/v2\/posts\/3743","targetHints":{"allow":["GET"]}}],"collection":[{"href":"http:\/\/www.osijekcannons.hr\/index.php\/wp-json\/wp\/v2\/posts"}],"about":[{"href":"http:\/\/www.osijekcannons.hr\/index.php\/wp-json\/wp\/v2\/types\/post"}],"author":[{"embeddable":true,"href":"http:\/\/www.osijekcannons.hr\/index.php\/wp-json\/wp\/v2\/users\/1"}],"replies":[{"embeddable":true,"href":"http:\/\/www.osijekcannons.hr\/index.php\/wp-json\/wp\/v2\/comments?post=3743"}],"version-history":[{"count":2,"href":"http:\/\/www.osijekcannons.hr\/index.php\/wp-json\/wp\/v2\/posts\/3743\/revisions"}],"predecessor-version":[{"id":3745,"href":"http:\/\/www.osijekcannons.hr\/index.php\/wp-json\/wp\/v2\/posts\/3743\/revisions\/3745"}],"wp:featuredmedia":[{"embeddable":true,"href":"http:\/\/www.osijekcannons.hr\/index.php\/wp-json\/wp\/v2\/media\/3739"}],"wp:attachment":[{"href":"http:\/\/www.osijekcannons.hr\/index.php\/wp-json\/wp\/v2\/media?parent=3743"}],"wp:term":[{"taxonomy":"category","embeddable":true,"href":"http:\/\/www.osijekcannons.hr\/index.php\/wp-json\/wp\/v2\/categories?post=3743"},{"taxonomy":"post_tag","embeddable":true,"href":"http:\/\/www.osijekcannons.hr\/index.php\/wp-json\/wp\/v2\/tags?post=3743"}],"curies":[{"name":"wp","href":"https:\/\/api.w.org\/{rel}","templated":true}]}}